{"id":1486,"date":"2016-10-17T10:53:54","date_gmt":"2016-10-17T09:53:54","guid":{"rendered":"http:\/\/www.jvp-krizevci.hr\/?p=1486"},"modified":"2016-10-17T11:17:51","modified_gmt":"2016-10-17T10:17:51","slug":"krizevacki-broncani-profesionalci-posjetili-vukovar-grad-heroj","status":"publish","type":"post","link":"https:\/\/www.jvp-krizevci.hr\/?p=1486","title":{"rendered":"KRI\u017dEVA\u010cKI BRON\u010cANI PROFESIONALCI POSJETILI VUKOVAR-GRAD HEROJ"},"content":{"rendered":"<p>U subotu 15. listopada 2016. godine \u010dlanovi natjecateljske desetine Javne vatrogasne postrojbe Grada Kri\u017eevaca koja je osvojila 3. mjesto na netom odr\u017eanom Dr\u017eavnom natjecanju vatrogasaca Republike Hrvatske posjetili su Vukovar-Grad heroj.<\/p>\n<p><a href=\"https:\/\/www.jvp-krizevci.hr\/wp-content\/uploads\/2016\/10\/DSC00735.jpg\"><img loading=\"lazy\" decoding=\"async\" class=\"aligncenter size-medium wp-image-1482\" src=\"https:\/\/www.jvp-krizevci.hr\/wp-content\/uploads\/2016\/10\/DSC00735-300x169.jpg\" alt=\"dsc00735\" width=\"300\" height=\"169\" srcset=\"https:\/\/www.jvp-krizevci.hr\/wp-content\/uploads\/2016\/10\/DSC00735-300x169.jpg 300w, https:\/\/www.jvp-krizevci.hr\/wp-content\/uploads\/2016\/10\/DSC00735-768x432.jpg 768w, https:\/\/www.jvp-krizevci.hr\/wp-content\/uploads\/2016\/10\/DSC00735-1024x576.jpg 1024w, https:\/\/www.jvp-krizevci.hr\/wp-content\/uploads\/2016\/10\/DSC00735.jpg 1920w\" sizes=\"auto, (max-width: 300px) 100vw, 300px\" \/><\/a>Uz vo\u0111enje stru\u010dnog voditelja Vjerana, danas umirovljenog \u010dasnika Hrvatske vojske, koji je i sam proveo devet mjeseci u logoru Staji\u0107evo obi\u0111ene su sve lokacije na kojima su se dogodila stradavanja hrvatskog naroda.<\/p>\n<p><a href=\"https:\/\/www.jvp-krizevci.hr\/wp-content\/uploads\/2016\/10\/DSC00697.jpg\"><img loading=\"lazy\" decoding=\"async\" class=\"aligncenter size-medium wp-image-1493\" src=\"https:\/\/www.jvp-krizevci.hr\/wp-content\/uploads\/2016\/10\/DSC00697-300x169.jpg\" alt=\"dsc00697\" width=\"300\" height=\"169\" srcset=\"https:\/\/www.jvp-krizevci.hr\/wp-content\/uploads\/2016\/10\/DSC00697-300x169.jpg 300w, https:\/\/www.jvp-krizevci.hr\/wp-content\/uploads\/2016\/10\/DSC00697-768x432.jpg 768w, https:\/\/www.jvp-krizevci.hr\/wp-content\/uploads\/2016\/10\/DSC00697-1024x576.jpg 1024w, https:\/\/www.jvp-krizevci.hr\/wp-content\/uploads\/2016\/10\/DSC00697.jpg 1920w\" sizes=\"auto, (max-width: 300px) 100vw, 300px\" \/><\/a>Obi\u0111ena je bolnica, Trpinjska cesta, vodotoranj, Ov\u010dara i Spomen groblje.<\/p>\n<p><a href=\"https:\/\/www.jvp-krizevci.hr\/wp-content\/uploads\/2016\/10\/DSC00632.jpg\"><img loading=\"lazy\" decoding=\"async\" class=\"aligncenter size-medium wp-image-1490\" src=\"https:\/\/www.jvp-krizevci.hr\/wp-content\/uploads\/2016\/10\/DSC00632-300x169.jpg\" alt=\"dsc00632\" width=\"300\" height=\"169\" srcset=\"https:\/\/www.jvp-krizevci.hr\/wp-content\/uploads\/2016\/10\/DSC00632-300x169.jpg 300w, https:\/\/www.jvp-krizevci.hr\/wp-content\/uploads\/2016\/10\/DSC00632-768x432.jpg 768w, https:\/\/www.jvp-krizevci.hr\/wp-content\/uploads\/2016\/10\/DSC00632-1024x576.jpg 1024w, https:\/\/www.jvp-krizevci.hr\/wp-content\/uploads\/2016\/10\/DSC00632.jpg 1920w\" sizes=\"auto, (max-width: 300px) 100vw, 300px\" \/><\/a> <a href=\"https:\/\/www.jvp-krizevci.hr\/wp-content\/uploads\/2016\/10\/DSC00630.jpg\"><img loading=\"lazy\" decoding=\"async\" class=\"aligncenter size-medium wp-image-1489\" src=\"https:\/\/www.jvp-krizevci.hr\/wp-content\/uploads\/2016\/10\/DSC00630-300x169.jpg\" alt=\"dsc00630\" width=\"300\" height=\"169\" srcset=\"https:\/\/www.jvp-krizevci.hr\/wp-content\/uploads\/2016\/10\/DSC00630-300x169.jpg 300w, https:\/\/www.jvp-krizevci.hr\/wp-content\/uploads\/2016\/10\/DSC00630-768x432.jpg 768w, https:\/\/www.jvp-krizevci.hr\/wp-content\/uploads\/2016\/10\/DSC00630-1024x576.jpg 1024w, https:\/\/www.jvp-krizevci.hr\/wp-content\/uploads\/2016\/10\/DSC00630.jpg 1920w\" sizes=\"auto, (max-width: 300px) 100vw, 300px\" \/><\/a> <a href=\"https:\/\/www.jvp-krizevci.hr\/wp-content\/uploads\/2016\/10\/DSC00679.jpg\"><img loading=\"lazy\" decoding=\"async\" class=\"aligncenter size-medium wp-image-1479\" src=\"https:\/\/www.jvp-krizevci.hr\/wp-content\/uploads\/2016\/10\/DSC00679-169x300.jpg\" alt=\"dsc00679\" width=\"169\" height=\"300\" srcset=\"https:\/\/www.jvp-krizevci.hr\/wp-content\/uploads\/2016\/10\/DSC00679-169x300.jpg 169w, https:\/\/www.jvp-krizevci.hr\/wp-content\/uploads\/2016\/10\/DSC00679-768x1365.jpg 768w, https:\/\/www.jvp-krizevci.hr\/wp-content\/uploads\/2016\/10\/DSC00679-576x1024.jpg 576w, https:\/\/www.jvp-krizevci.hr\/wp-content\/uploads\/2016\/10\/DSC00679.jpg 1080w\" sizes=\"auto, (max-width: 169px) 100vw, 169px\" \/><\/a> <a href=\"https:\/\/www.jvp-krizevci.hr\/wp-content\/uploads\/2016\/10\/DSC00754.jpg\"><img loading=\"lazy\" decoding=\"async\" class=\"aligncenter size-medium wp-image-1477\" src=\"https:\/\/www.jvp-krizevci.hr\/wp-content\/uploads\/2016\/10\/DSC00641-300x169.jpg\" alt=\"dsc00641\" width=\"300\" height=\"169\" srcset=\"https:\/\/www.jvp-krizevci.hr\/wp-content\/uploads\/2016\/10\/DSC00641-300x169.jpg 300w, https:\/\/www.jvp-krizevci.hr\/wp-content\/uploads\/2016\/10\/DSC00641-768x432.jpg 768w, https:\/\/www.jvp-krizevci.hr\/wp-content\/uploads\/2016\/10\/DSC00641-1024x576.jpg 1024w, https:\/\/www.jvp-krizevci.hr\/wp-content\/uploads\/2016\/10\/DSC00641.jpg 1920w\" sizes=\"auto, (max-width: 300px) 100vw, 300px\" \/><img loading=\"lazy\" decoding=\"async\" class=\"aligncenter size-medium wp-image-1484\" src=\"https:\/\/www.jvp-krizevci.hr\/wp-content\/uploads\/2016\/10\/DSC00754-300x169.jpg\" alt=\"dsc00754\" width=\"300\" height=\"169\" srcset=\"https:\/\/www.jvp-krizevci.hr\/wp-content\/uploads\/2016\/10\/DSC00754-300x169.jpg 300w, https:\/\/www.jvp-krizevci.hr\/wp-content\/uploads\/2016\/10\/DSC00754-768x432.jpg 768w, https:\/\/www.jvp-krizevci.hr\/wp-content\/uploads\/2016\/10\/DSC00754-1024x576.jpg 1024w, https:\/\/www.jvp-krizevci.hr\/wp-content\/uploads\/2016\/10\/DSC00754.jpg 1920w\" sizes=\"auto, (max-width: 300px) 100vw, 300px\" \/><\/a>Iskori\u0161tena je prilika pa su posje\u0107eni i vatrogasci JVP Grada Vukovara te obi\u0111en i sam grad Vukovar sa svojim znamenitostima.<\/p>\n<p><a href=\"https:\/\/www.jvp-krizevci.hr\/wp-content\/uploads\/2016\/10\/DSC00656.jpg\"><img loading=\"lazy\" decoding=\"async\" class=\"aligncenter size-medium wp-image-1478\" src=\"https:\/\/www.jvp-krizevci.hr\/wp-content\/uploads\/2016\/10\/DSC00656-300x169.jpg\" alt=\"dsc00656\" width=\"300\" height=\"169\" srcset=\"https:\/\/www.jvp-krizevci.hr\/wp-content\/uploads\/2016\/10\/DSC00656-300x169.jpg 300w, https:\/\/www.jvp-krizevci.hr\/wp-content\/uploads\/2016\/10\/DSC00656-768x432.jpg 768w, https:\/\/www.jvp-krizevci.hr\/wp-content\/uploads\/2016\/10\/DSC00656-1024x576.jpg 1024w, https:\/\/www.jvp-krizevci.hr\/wp-content\/uploads\/2016\/10\/DSC00656.jpg 1920w\" sizes=\"auto, (max-width: 300px) 100vw, 300px\" \/><\/a> <a href=\"https:\/\/www.jvp-krizevci.hr\/wp-content\/uploads\/2016\/10\/DSC00724.jpg\"><img loading=\"lazy\" decoding=\"async\" class=\"aligncenter size-medium wp-image-1496\" src=\"https:\/\/www.jvp-krizevci.hr\/wp-content\/uploads\/2016\/10\/DSC00724-300x169.jpg\" alt=\"dsc00724\" width=\"300\" height=\"169\" srcset=\"https:\/\/www.jvp-krizevci.hr\/wp-content\/uploads\/2016\/10\/DSC00724-300x169.jpg 300w, https:\/\/www.jvp-krizevci.hr\/wp-content\/uploads\/2016\/10\/DSC00724-768x432.jpg 768w, https:\/\/www.jvp-krizevci.hr\/wp-content\/uploads\/2016\/10\/DSC00724-1024x576.jpg 1024w, https:\/\/www.jvp-krizevci.hr\/wp-content\/uploads\/2016\/10\/DSC00724.jpg 1920w\" sizes=\"auto, (max-width: 300px) 100vw, 300px\" \/><\/a> <a href=\"https:\/\/www.jvp-krizevci.hr\/wp-content\/uploads\/2016\/10\/DSC00726.jpg\"><img loading=\"lazy\" decoding=\"async\" class=\"aligncenter size-medium wp-image-1497\" src=\"https:\/\/www.jvp-krizevci.hr\/wp-content\/uploads\/2016\/10\/DSC00726-169x300.jpg\" alt=\"dsc00726\" width=\"169\" height=\"300\" srcset=\"https:\/\/www.jvp-krizevci.hr\/wp-content\/uploads\/2016\/10\/DSC00726-169x300.jpg 169w, https:\/\/www.jvp-krizevci.hr\/wp-content\/uploads\/2016\/10\/DSC00726-768x1365.jpg 768w, https:\/\/www.jvp-krizevci.hr\/wp-content\/uploads\/2016\/10\/DSC00726-576x1024.jpg 576w, https:\/\/www.jvp-krizevci.hr\/wp-content\/uploads\/2016\/10\/DSC00726.jpg 1080w\" sizes=\"auto, (max-width: 169px) 100vw, 169px\" \/><\/a><\/p>\n<p><a href=\"https:\/\/www.jvp-krizevci.hr\/wp-content\/uploads\/2016\/10\/DSC00761.jpg\"><img loading=\"lazy\" decoding=\"async\" class=\"aligncenter size-medium wp-image-1498\" src=\"https:\/\/www.jvp-krizevci.hr\/wp-content\/uploads\/2016\/10\/DSC00761-300x169.jpg\" alt=\"dsc00761\" width=\"300\" height=\"169\" srcset=\"https:\/\/www.jvp-krizevci.hr\/wp-content\/uploads\/2016\/10\/DSC00761-300x169.jpg 300w, https:\/\/www.jvp-krizevci.hr\/wp-content\/uploads\/2016\/10\/DSC00761-768x432.jpg 768w, https:\/\/www.jvp-krizevci.hr\/wp-content\/uploads\/2016\/10\/DSC00761-1024x576.jpg 1024w, https:\/\/www.jvp-krizevci.hr\/wp-content\/uploads\/2016\/10\/DSC00761.jpg 1920w\" sizes=\"auto, (max-width: 300px) 100vw, 300px\" \/><\/a>U znak sje\u0107anja i pijeteta na svim lokacijama upaljeni su lampa\u0161i te minutom \u0161utnje odana po\u010dast poginulima.<\/p>\n<p><a href=\"https:\/\/www.jvp-krizevci.hr\/wp-content\/uploads\/2016\/10\/DSC00732.jpg\"><img loading=\"lazy\" decoding=\"async\" class=\"aligncenter size-medium wp-image-1481\" src=\"https:\/\/www.jvp-krizevci.hr\/wp-content\/uploads\/2016\/10\/DSC00732-300x169.jpg\" alt=\"dsc00732\" width=\"300\" height=\"169\" srcset=\"https:\/\/www.jvp-krizevci.hr\/wp-content\/uploads\/2016\/10\/DSC00732-300x169.jpg 300w, https:\/\/www.jvp-krizevci.hr\/wp-content\/uploads\/2016\/10\/DSC00732-768x432.jpg 768w, https:\/\/www.jvp-krizevci.hr\/wp-content\/uploads\/2016\/10\/DSC00732-1024x576.jpg 1024w, https:\/\/www.jvp-krizevci.hr\/wp-content\/uploads\/2016\/10\/DSC00732.jpg 1920w\" sizes=\"auto, (max-width: 300px) 100vw, 300px\" \/><\/a><a href=\"https:\/\/www.jvp-krizevci.hr\/wp-content\/uploads\/2016\/10\/DSC00750.jpg\"><img loading=\"lazy\" decoding=\"async\" class=\"aligncenter size-medium wp-image-1483\" src=\"https:\/\/www.jvp-krizevci.hr\/wp-content\/uploads\/2016\/10\/DSC00750-300x169.jpg\" alt=\"dsc00750\" width=\"300\" height=\"169\" srcset=\"https:\/\/www.jvp-krizevci.hr\/wp-content\/uploads\/2016\/10\/DSC00750-300x169.jpg 300w, https:\/\/www.jvp-krizevci.hr\/wp-content\/uploads\/2016\/10\/DSC00750-768x432.jpg 768w, https:\/\/www.jvp-krizevci.hr\/wp-content\/uploads\/2016\/10\/DSC00750-1024x576.jpg 1024w, https:\/\/www.jvp-krizevci.hr\/wp-content\/uploads\/2016\/10\/DSC00750.jpg 1920w\" sizes=\"auto, (max-width: 300px) 100vw, 300px\" \/><\/a><\/p>\n","protected":false},"excerpt":{"rendered":"<p>U subotu 15. listopada 2016. godine \u010dlanovi natjecateljske desetine Javne vatrogasne postrojbe Grada Kri\u017eevaca koja je osvojila 3. mjesto na netom odr\u017eanom Dr\u017eavnom natjecanju vatrogasaca Republike Hrvatske posjetili su Vukovar-Grad heroj. Uz vo\u0111enje stru\u010dnog voditelja Vjerana, danas umirovljenog \u010dasnika Hrvatske &hellip; <a href=\"https:\/\/www.jvp-krizevci.hr\/?p=1486\">Nastavi \u010ditati <span class=\"meta-nav\">&rarr;<\/span><\/a><\/p>\n","protected":false},"author":1,"featured_media":0,"comment_status":"closed","ping_status":"closed","sticky":false,"template":"","format":"standard","meta":{"ngg_post_thumbnail":0,"footnotes":""},"categories":[1,4],"tags":[],"class_list":["post-1486","post","type-post","status-publish","format-standard","hentry","category-nekategorizirano","category-vijesti"],"_links":{"self":[{"href":"https:\/\/www.jvp-krizevci.hr\/index.php?rest_route=\/wp\/v2\/posts\/1486","targetHints":{"allow":["GET"]}}],"collection":[{"href":"https:\/\/www.jvp-krizevci.hr\/index.php?rest_route=\/wp\/v2\/posts"}],"about":[{"href":"https:\/\/www.jvp-krizevci.hr\/index.php?rest_route=\/wp\/v2\/types\/post"}],"author":[{"embeddable":true,"href":"https:\/\/www.jvp-krizevci.hr\/index.php?rest_route=\/wp\/v2\/users\/1"}],"replies":[{"embeddable":true,"href":"https:\/\/www.jvp-krizevci.hr\/index.php?rest_route=%2Fwp%2Fv2%2Fcomments&post=1486"}],"version-history":[{"count":1,"href":"https:\/\/www.jvp-krizevci.hr\/index.php?rest_route=\/wp\/v2\/posts\/1486\/revisions"}],"predecessor-version":[{"id":1499,"href":"https:\/\/www.jvp-krizevci.hr\/index.php?rest_route=\/wp\/v2\/posts\/1486\/revisions\/1499"}],"wp:attachment":[{"href":"https:\/\/www.jvp-krizevci.hr\/index.php?rest_route=%2Fwp%2Fv2%2Fmedia&parent=1486"}],"wp:term":[{"taxonomy":"category","embeddable":true,"href":"https:\/\/www.jvp-krizevci.hr\/index.php?rest_route=%2Fwp%2Fv2%2Fcategories&post=1486"},{"taxonomy":"post_tag","embeddable":true,"href":"https:\/\/www.jvp-krizevci.hr\/index.php?rest_route=%2Fwp%2Fv2%2Ftags&post=1486"}],"curies":[{"name":"wp","href":"https:\/\/api.w.org\/{rel}","templated":true}]}}