{"id":2780,"date":"2025-10-12T15:10:58","date_gmt":"2025-10-12T14:10:58","guid":{"rendered":"https:\/\/www.jvp-krizevci.hr\/?p=2780"},"modified":"2025-10-12T15:12:07","modified_gmt":"2025-10-12T14:12:07","slug":"djelatnici-jvp-a-drugi-na-vatrogasnom-drzavnom-natjecanju-u-novalji","status":"publish","type":"post","link":"https:\/\/www.jvp-krizevci.hr\/?p=2780","title":{"rendered":"Djelatnici JVP-a drugi na Vatrogasnom dr\u017eavnom natjecanju u Novalji"},"content":{"rendered":"<p>\u010cestitke jo\u0161 jednom mojim kolegama na iznimnom rezultatu Dr\u017eavnog vatrogasnog natjecanja u Novalji.<\/p>\n<p>Biti drugi u RH a dolazit iz male Postrojbe koja trenutno broji 20 operativnih vatrogasaca je veliki ponos osobno ,a vjerujem i svih zaposlenih u JVP Kri\u017eevci.<\/p>\n<p>Ovaj ostvareni rezultat je nastao uporno\u0161\u0107u, odricanjem te uzajamnim po\u0161tivanjem svih zaposlenih u JVP.<\/p>\n<p>Hvala djelatnicima koji su radili u posebnom re\u017eimu rada&nbsp; ova dva dana kako bi zadr\u017eali standardnu operativnu razinu.<\/p>\n<p>Moram svakako izdvojiti natjecateljsku desetinu:<\/p>\n<p>Slavko Goti\u0107 zapovjednik, Bo\u017eidar Pukec tekli\u0107, Nenad Lackovi\u0107 strojar, Marijan Sokoli\u0107 navalni jedan, Igor Petra\u010dija navalni dva, Marko Hrg vodni jedan, Ivan Lep\u010di\u0107 vodni dva, Ivica Arki cijevni jedan, Josip Kova\u010d cijevni dva.<\/p>\n<p>Rezerva: Kre\u0161imir Prpi\u0107 i Tomica Miklin<\/p>\n<p>Hvala momci \u0161to ste nas u\u010dinili PONOSNIMA!!!!!<\/p>\n<p>Veliko hvala kolegama Goti\u0107 i Sokoli\u0107 kojima je ovo vjerojatno bilo zadnje natjecanje u ulozi natjecatelja. Veliko veliko HVALA.<\/p>\n<p>&nbsp;<\/p>\n<p>Zapovjednik<\/p>\n<p>Mario Martin\u010devi\u0107<\/p>\n<p>&nbsp;<\/p>\n<p><a href=\"https:\/\/www.jvp-krizevci.hr\/wp-content\/uploads\/2025\/10\/djelatnici-jvp-1.jpg\"><img loading=\"lazy\" decoding=\"async\" class=\"aligncenter size-full wp-image-2783\" src=\"https:\/\/www.jvp-krizevci.hr\/wp-content\/uploads\/2025\/10\/djelatnici-jvp-1.jpg\" alt=\"\" width=\"1024\" height=\"768\" srcset=\"https:\/\/www.jvp-krizevci.hr\/wp-content\/uploads\/2025\/10\/djelatnici-jvp-1.jpg 1024w, https:\/\/www.jvp-krizevci.hr\/wp-content\/uploads\/2025\/10\/djelatnici-jvp-1-300x225.jpg 300w, https:\/\/www.jvp-krizevci.hr\/wp-content\/uploads\/2025\/10\/djelatnici-jvp-1-768x576.jpg 768w\" sizes=\"auto, (max-width: 1024px) 100vw, 1024px\" \/><\/a><\/p>\n","protected":false},"excerpt":{"rendered":"<p>\u010cestitke jo\u0161 jednom mojim kolegama na iznimnom rezultatu Dr\u017eavnog vatrogasnog natjecanja u Novalji. Biti drugi u RH a dolazit iz male Postrojbe koja trenutno broji 20 operativnih vatrogasaca je veliki ponos osobno ,a vjerujem i svih zaposlenih u JVP Kri\u017eevci. &hellip; <a href=\"https:\/\/www.jvp-krizevci.hr\/?p=2780\">Nastavi \u010ditati <span class=\"meta-nav\">&rarr;<\/span><\/a><\/p>\n","protected":false},"author":1,"featured_media":0,"comment_status":"closed","ping_status":"closed","sticky":true,"template":"","format":"standard","meta":{"ngg_post_thumbnail":0,"footnotes":""},"categories":[1,4],"tags":[],"class_list":["post-2780","post","type-post","status-publish","format-standard","hentry","category-nekategorizirano","category-vijesti"],"_links":{"self":[{"href":"https:\/\/www.jvp-krizevci.hr\/index.php?rest_route=\/wp\/v2\/posts\/2780","targetHints":{"allow":["GET"]}}],"collection":[{"href":"https:\/\/www.jvp-krizevci.hr\/index.php?rest_route=\/wp\/v2\/posts"}],"about":[{"href":"https:\/\/www.jvp-krizevci.hr\/index.php?rest_route=\/wp\/v2\/types\/post"}],"author":[{"embeddable":true,"href":"https:\/\/www.jvp-krizevci.hr\/index.php?rest_route=\/wp\/v2\/users\/1"}],"replies":[{"embeddable":true,"href":"https:\/\/www.jvp-krizevci.hr\/index.php?rest_route=%2Fwp%2Fv2%2Fcomments&post=2780"}],"version-history":[{"count":2,"href":"https:\/\/www.jvp-krizevci.hr\/index.php?rest_route=\/wp\/v2\/posts\/2780\/revisions"}],"predecessor-version":[{"id":2784,"href":"https:\/\/www.jvp-krizevci.hr\/index.php?rest_route=\/wp\/v2\/posts\/2780\/revisions\/2784"}],"wp:attachment":[{"href":"https:\/\/www.jvp-krizevci.hr\/index.php?rest_route=%2Fwp%2Fv2%2Fmedia&parent=2780"}],"wp:term":[{"taxonomy":"category","embeddable":true,"href":"https:\/\/www.jvp-krizevci.hr\/index.php?rest_route=%2Fwp%2Fv2%2Fcategories&post=2780"},{"taxonomy":"post_tag","embeddable":true,"href":"https:\/\/www.jvp-krizevci.hr\/index.php?rest_route=%2Fwp%2Fv2%2Ftags&post=2780"}],"curies":[{"name":"wp","href":"https:\/\/api.w.org\/{rel}","templated":true}]}}